{"id":16905,"date":"2021-06-02T21:41:51","date_gmt":"2021-06-02T21:41:51","guid":{"rendered":"https:\/\/yogakitchen.be\/fr\/?p=16905"},"modified":"2022-05-29T15:38:07","modified_gmt":"2022-05-29T13:38:07","slug":"le-centrage","status":"publish","type":"post","link":"https:\/\/yogakitchen.be\/fr\/2021\/06\/02\/le-centrage\/","title":{"rendered":"Le centrage"},"content":{"rendered":"<h1>Le yoga et la m\u00e9ditation comme voie vers la libert\u00e9 int\u00e9rieure<\/h1>\n<p>C&rsquo;est une image qui restera grav\u00e9e dans ma m\u00e9moire. Lors d&rsquo;une grande manifestation pour la libert\u00e9 et la d\u00e9mocratie, des milliers de personnes se sont rassembl\u00e9es au d\u00e9part du d\u00e9fil\u00e9. Il y avait des discours forts depuis une sc\u00e8ne. Il y avait de la musique, des roulements de tambour et le murmure de milliers de personnes. Un paysage sonore si intense \u00e0 mes oreilles, que j&rsquo;ai craint de devoir reprendre mes esprits pendant une heure et demie \u00e0 la maison.<\/p>\n<p>Et l&rsquo;homme \u00e9tait l\u00e0. Avec de longs cheveux grisonnants, des v\u00eatements qui indiquaient qu&rsquo;il venait probablement de la tradition du yoga. Il \u00e9tait assis par terre, les mains dans un mudra, les yeux ferm\u00e9s, en train de m\u00e9diter.<\/p>\n<h2>\u00c9quilibre<\/h2>\n<p>En \u00e9tat m\u00e9ditatif sans \u00eatre d\u00e9rang\u00e9 par ce qui se passait autour de lui. Peu importe \u00e0 quel point c&rsquo;\u00e9tait bruyant et chaotique. Lorsque nous sommes pass\u00e9 devant lui, nous avons ressenti \u00e9nerg\u00e9tiquement qu&rsquo;il y avait un champ d&rsquo;\u00e9nergie apaisante autour de lui.<\/p>\n<p>Cela rappelait le symbole du Yin\/Yang. Au milieu du grand plan blanc en forme de goutte incurv\u00e9e de l&rsquo;\u00e9nergie Yang turbulente, chaude, mouvement\u00e9e et bruyante se trouve une petite boule noire, qui repr\u00e9sente l&rsquo;oppos\u00e9 du Yang : le Yin. Le Yin repr\u00e9sente le calme, la froideur, l&rsquo;immobilit\u00e9. Il indique que le Yang sans le Yin n&rsquo;existe pas, et que le Yin sans le Yang est \u00e9galement inexistant. Ils se maintiennent mutuellement en \u00e9quilibre.<\/p>\n<h2>Un rituel symbolique<\/h2>\n<p>C&rsquo;est pourquoi les anciens Chinois construisaient souvent des pagodes hautes et verticales dans des paysages qui, autrement, \u00e9taient compl\u00e8tement horizontaux et plats. Les empereurs chinois avaient un palais d&rsquo;\u00e9t\u00e9 dans le nord du pays, et un palais d&rsquo;hiver dans le sud de leur empire. Au plus fort de l&rsquo;\u00e9t\u00e9 (Yang), l&#8217;empereur et sa cour s&rsquo;installaient dans le palais d&rsquo;\u00e9t\u00e9 au nord (Yin).  Et en hiver (Yin), la cour se d\u00e9pla\u00e7ait vers le palais d&rsquo;hiver au sud (Yang). Ce rituel symbolique n&rsquo;\u00e9tait pas seulement l\u00e0 pour \u00e9viter d&rsquo;\u00eatre soumis \u00e0 des extr\u00eames climatiques, mais aussi pour symboliquement maintenir l&rsquo;\u00e9quilibre entre les deux p\u00f4les.<\/p>\n<h2>Le centrage<\/h2>\n<p>Le yogi m\u00e9ditant lors de la manifestation \u00e9tait une illustration de ce que l&rsquo;on appelle le \u00ab\u00a0centrage\u00a0\u00bb. C&rsquo;est le fait d\u2019\u00eatre capable de tourner son attention vers l&rsquo;int\u00e9rieur, apr\u00e8s l&rsquo;avoir compl\u00e8tement d\u00e9tach\u00e9e du monde ext\u00e9rieur qui nous entoure.<\/p>\n<p>Parfois, lors d&rsquo;un moment de relaxation \u00e0 la fin d&rsquo;une s\u00e9ance de yoga, les \u00e9tudiants en yoga deviennent d&rsquo;abord irrit\u00e9s puis obs\u00e9d\u00e9s par des \u00e9l\u00e9ments perturbateurs ext\u00e9rieurs, qui d\u00e9rangent ou absorbent leur attention. Cela conduit parfois \u00e0 des plaintes du type \u00ab\u00a0Je n&rsquo;ai pas pu me d\u00e9tendre parce que&#8230;\u00a0\u00bb il y avait ce cri dans la rue, ce claxon de cette voiture, ou le l\u00e9ger ronflement de l&rsquo;autre \u00e9tudiant de yoga \u00e0 c\u00f4t\u00e9 d&rsquo;eux, qui \u00e9tait pass\u00e9 de la relaxation au sommeil profond. Ou bien il s&rsquo;agit de d\u00e9mangeaisons ou d&rsquo;irritations qui se manifestent soudainement.<\/p>\n<h2>Acc\u00e9dez \u00e0 votre \u00e9tat int\u00e9rieur paisible<\/h2>\n<p>Ces perturbations ext\u00e9rieures ne sont inqui\u00e9tantes que dans la mesure o\u00f9 vous leur donnez ce pouvoir. Cependant, ils peuvent aussi \u00eatre les \u00e9l\u00e9ments et les outils id\u00e9aux pour apprendre \u00e0 rester calme dans son propre centre, peu importe ce qui se passe autour de soi. Parce que l&rsquo;acc\u00e8s \u00e0 un \u00e9tat int\u00e9rieur calme, tranquille, paisible et neutre est une chose pour laquelle la r\u00e9alit\u00e9 actuelle de notre plan\u00e8te bruyante offre rarement les conditions id\u00e9ales. Cet \u00e9tat int\u00e9rieur paisible, ce point de repos et d&rsquo;\u00e9quilibre, est accessible \u00e0 tous, \u00e0 tout moment de la journ\u00e9e et en toutes circonstances. Il nous suffit d&rsquo;apprendre \u00e0 ne pas nous accrocher aux \u00e9l\u00e9ments du monde ext\u00e9rieur que nous avons qualifi\u00e9s d&rsquo;interf\u00e9rents.<\/p>\n<div class=\"yk-hoebetalen\">\n<h3>Vous souhaitez r\u00e9server un de nos cours?<\/h3>\n<p>Regardez notre offre et r\u00e9servez via les liens ci-dessous:<\/p>\n<p style=\"text-align: center;\"><a class=\"yk-red_btn\" title=\"R\u00e9servez un cours\" href=\"https:\/\/yogakitchen.be\/fr\/calendrier\/\">R\u00e9servez un cours<\/a><\/p>\n<p style=\"text-align: center;\"><a class=\"yk-blue_btn\" title=\"Cours de Yoga\" href=\"https:\/\/yogakitchen.be\/fr\/cours-de-yoga\/\">Regardez l\u2019offre<\/a><\/p>\n","protected":false},"excerpt":{"rendered":"<p>Le yoga et la m\u00e9ditation comme voie vers la libert\u00e9 int\u00e9rieure C&rsquo;est une image qui restera grav\u00e9e dans ma m\u00e9moire. Lors d&rsquo;une grande manifestation pour la libert\u00e9 et la d\u00e9mocratie, des milliers de personnes se sont rassembl\u00e9es au d\u00e9part du d\u00e9fil\u00e9. Il y avait des discours forts depuis une sc\u00e8ne. Il y avait de la &hellip; <a href=\"https:\/\/yogakitchen.be\/fr\/2021\/06\/02\/le-centrage\/\" class=\"more-link\">Continuer la lecture de <span class=\"screen-reader-text\">Le centrage<\/span> <span class=\"meta-nav\">&rarr;<\/span><\/a><\/p>\n","protected":false},"author":1,"featured_media":16908,"comment_status":"closed","ping_status":"closed","sticky":false,"template":"","format":"standard","meta":{"footnotes":""},"categories":[73,21],"tags":[],"class_list":["post-16905","post","type-post","status-publish","format-standard","has-post-thumbnail","hentry","category-meditation","category-yoga"],"_links":{"self":[{"href":"https:\/\/yogakitchen.be\/fr\/wp-json\/wp\/v2\/posts\/16905","targetHints":{"allow":["GET"]}}],"collection":[{"href":"https:\/\/yogakitchen.be\/fr\/wp-json\/wp\/v2\/posts"}],"about":[{"href":"https:\/\/yogakitchen.be\/fr\/wp-json\/wp\/v2\/types\/post"}],"author":[{"embeddable":true,"href":"https:\/\/yogakitchen.be\/fr\/wp-json\/wp\/v2\/users\/1"}],"replies":[{"embeddable":true,"href":"https:\/\/yogakitchen.be\/fr\/wp-json\/wp\/v2\/comments?post=16905"}],"version-history":[{"count":4,"href":"https:\/\/yogakitchen.be\/fr\/wp-json\/wp\/v2\/posts\/16905\/revisions"}],"predecessor-version":[{"id":17535,"href":"https:\/\/yogakitchen.be\/fr\/wp-json\/wp\/v2\/posts\/16905\/revisions\/17535"}],"wp:featuredmedia":[{"embeddable":true,"href":"https:\/\/yogakitchen.be\/fr\/wp-json\/wp\/v2\/media\/16908"}],"wp:attachment":[{"href":"https:\/\/yogakitchen.be\/fr\/wp-json\/wp\/v2\/media?parent=16905"}],"wp:term":[{"taxonomy":"category","embeddable":true,"href":"https:\/\/yogakitchen.be\/fr\/wp-json\/wp\/v2\/categories?post=16905"},{"taxonomy":"post_tag","embeddable":true,"href":"https:\/\/yogakitchen.be\/fr\/wp-json\/wp\/v2\/tags?post=16905"}],"curies":[{"name":"wp","href":"https:\/\/api.w.org\/{rel}","templated":true}]}}